{"id":6791,"date":"2019-10-21T14:57:51","date_gmt":"2019-10-21T12:57:51","guid":{"rendered":"https:\/\/www.entebilateralepadova.it\/turismo\/?p=6791"},"modified":"2019-10-21T14:58:35","modified_gmt":"2019-10-21T12:58:35","slug":"presentato-padovajob-durante-il-convegno-organizzato-dagli-enti-bilaterali-del-terziario-e-del-turismo","status":"publish","type":"post","link":"https:\/\/www.entebilateralepadova.it\/turismo\/presentato-padovajob-durante-il-convegno-organizzato-dagli-enti-bilaterali-del-terziario-e-del-turismo\/","title":{"rendered":"Presentato Padovajob durante il Convegno organizzato dagli Enti Bilaterali del terziario e del turismo"},"content":{"rendered":"<p>[vc_row row_type=&#8221;row&#8221; content_width=&#8221;full-width&#8221; anchor=&#8221;&#8221; content_aligment=&#8221;left&#8221; css_animation=&#8221;&#8221;][vc_column][vc_empty_space height=&#8221;15px&#8221;][vc_column_text]<strong>PADOVAJOB \u2013 il portale degli annunci di lavoro del terziario e del turismo della provincia di Padova \u2013 \u00e8 stato presentato mercoled\u00ec 16 ottobre in occasione del convegno \u201cCOMMERCIO, TURISMO E SERVIZI: IL FUTURO DEL LAVORO PER PADOVA E PROVINCIA\u201d\u00a0<\/strong><\/p>\n<p>Il sito \u00e8 online da qualche settimana e questo gli ha permesso, durante la presentazione al pubblico, di vantare gi\u00e0 qualche numero non proprio banale, come sottolineato da Manuel Fa\u00e8, imprenditore esperto di marketing e autore de Il Succo del Web Marketing:<strong> 404 aziende registrate, 158 annunci caricati, 160 utenti e 82 candidature ricevute.\u00a0<\/strong><br \/>\nEccolo <strong>PadovaJob<\/strong>, il\u00a0portale del lavoro del terziario e del turismo\u00a0mostrato al pubblico nella\u00a0sala conferenze della Camera di Commercio di Padova\u00a0durante il\u00a0convegno \u201cCommercio, Turismo e Servizi: il futuro del lavoro per Padova e provincia\u201d organizzato dall\u2019Ente Bilaterale Terziario di Padova\u00a0e\u00a0dall\u2019Ente Bilaterale Turismo Padova Terme Euganee.<\/p>\n<p>Durante il convegno si \u00e8 messo a fuoco cosa significhi oggi\u00a0<strong>occupazione nel comparto del commercio, del turismo e dei servizi in provincia di Padova.\u00a0<\/strong><\/p>\n<p>Sono intervenuti:<br \/>\n<strong>Paolo Feltrin<\/strong>, politologo e docente di Analisi delle politiche pubbliche, Universit\u00e0 di Trieste;<br \/>\n<strong>Tiziano Barone<\/strong>, direttore di Veneto Lavoro;<\/p>\n<p><strong>Paolo Gubitta<\/strong>\u00a0docente di Organizzazione aziendale e direttore scientifico dell\u2019Osservatorio Professioni Digitali, Universit\u00e0 di Padova;<br \/>\n<strong>Manuel Fa\u00e8<\/strong>, imprenditore esperto di marketing e autore de Il Succo del Web Marketing; a loro si sono aggiunti, durante i saluti iniziali, il presidente di Ascom Confcommercio Padova, <strong>Patrizio Bertin<\/strong>, i presidenti dei due Enti Bilaterali del Terziario,\u00a0<strong>Marco Italiano<\/strong>\u00a0e del Turismo,\u00a0<strong>Marco Gottardo<\/strong>, il presidente dell\u2019Ente Bilaterale Nazionale del Turismo,\u00a0<strong>Stefano Franzoni<\/strong> ed il direttore di quello del terziario nazionale,\u00a0<strong>Giuseppe Zabbatino<\/strong>.<\/p>\n<p>Hanno partecipato poi alla tavola rotonda, il direttore generale della Confcommercio padovana\u00a0<strong>Otello Vendramin<\/strong>, i sindacalisti\u00a0<strong>Marco Bodon<\/strong>\u00a0di Fisascat Cisl,\u00a0<strong>Fernando Bernalda<\/strong>\u00a0di Uiltucs Uil,\u00a0<strong>Marquidas Moccia<\/strong> di Filcams Cgil e <strong>Elena Donazzan<\/strong>,\u00a0Assessore all&#8217;istruzione, formazione, lavoro e pari opportunit\u00e0 della Regione Veneto.<\/p>\n<p>\u201cLavorare sulle nuove professionalit\u00e0 \u2013 ha detto l\u2019assessore <strong>Donazzan<\/strong> \u2013 ci permette di rispondere ai continui cambiamenti realizzando un mercato del lavoro pi\u00f9 robusto\u201d.<br \/>\nQuel mercato del lavoro che, nei numeri di\u00a0<strong>Barone<\/strong>, ha visto la conferma che in Veneto i posti persi dal 2008 sono stati completamente recuperati: 67,9% il tasso di occupazione (77,1% gli uomini, 58,7% le donne); 5,6% il tasso di disoccupazione (21% quello giovanile); 2.185.000 gli occupati in totale, 130 mila i disoccupati (32.700 quelli tra i 15 ed i 24 anni), 872mila gli inattivi. Tutto questo in un quadro economico che vede un Pil regionale al +0,5%, una produzione industriale al +1,6% ed un export al + 2,1%.<\/p>\n<p>Eppure i rischi non mancano.<br \/>\nO meglio: ci sono rischi che possono essere trasformati in opportunit\u00e0 come ha segnalato il\u00a0<strong>professor Gubitta<\/strong>\u00a0che nell\u2019integrazione tra lavoro tradizionale e rivoluzione digitale ha individuato la sfida attuale per un terziario che, stando al\u00a0<strong>professor Feltrin<\/strong>, rischia una polarizzazione accentuata tra alta e bassa professionalit\u00e0.<\/p>\n<p>Ecco allora che gli\u00a0<strong>Enti Bilaterali<\/strong>, come ha sottolineato\u00a0<strong>Italiano<\/strong>, diventano importanti perch\u00e9 propongono opportunit\u00e0 concrete ad aziende e lavoratori, considerati i numeri che esprimono (<strong>6.926 aziende, 71.630 occupati<\/strong>). Questi dati rappresentano, come ha rilevato <strong>Manuel Fa\u00e8<\/strong>,\u00a0una quota intorno al 14% dell\u2019intero panorama terziario che con il turismo, come sostenuto da\u00a0<strong>Gottardo<\/strong>, offrono positive opportunit\u00e0.<\/p>\n<p>Al convegno sarebbe dovuto intervenire anche il presidente del Cnel,\u00a0<strong>Tiziano Treu<\/strong>\u00a0che, impossibilitato, ha inviato un videomessaggio che ha fatto espresso riferimento allo sviluppo ordinato degli Enti Bilaterali, sviluppo al quale avevano accennato, sostenendo che \u00e8 gi\u00e0 in atto, il presidente dell&#8217;Ente Bilaterale Nazionale del Turismo <strong>Franzoni\u00a0<\/strong>ed il direttore dell&#8217;Ente Bilaterale Nazionale del Terziario <strong>Zabbatino<\/strong>.<\/p>\n<p>C\u2019\u00e8 dunque una realt\u00e0 commerciale, terziaria e turistica in provincia di Padova che \u00e8 sostanzialmente sana e che pu\u00f2 contare, come hanno sottolineato anche\u00a0<strong>Bodon<\/strong>, <strong>Bernalda<\/strong> e <strong>Moccia<\/strong>, su iniziative come quella presentata e che unita agli\u00a0<strong>obiettivi di welfare\u00a0e\u00a0formazione degli Enti Bilaterali\u00a0<\/strong>pu\u00f2 rappresentare un elemento di consolidamento del mercato del lavoro.<\/p>\n<p>&nbsp;<\/p>\n<p><a href=\"http:\/\/formazioneascompadova.musvc1.net\/e\/t?q=0%3dTfEfR%26H%3dE%26K%3dOcL%26L%3dNfCZS%26Q%3dt8x7mQGL5_Onyb_Zx_Nczm_Xr_Onyb_Y3S9T.C7pLI7vLy.E6_Onyb_Y3%260%3dyRFRoX.AA6%26FF%3dXKgT\">Padovajob, il portale di annunci di lavoro del Terziario e Turismo di Padova e provincia <\/a><\/p>\n<p>[\/vc_column_text][vc_empty_space height=&#8221;15px&#8221;]<a href=\"https:\/\/www.entebilateralepadova.it\/convegnopadova\" target=\"_blank\"  class=\"eltd-btn eltd-btn-medium eltd-btn-solid pulsantearticolo\"  >\n    <span class=\"eltd-btn-text\">scopri di pi\u00f9<\/span>\n    <\/a>[\/vc_column][\/vc_row]<\/p>\n","protected":false},"excerpt":{"rendered":"<p>Il portale PADOVAJOB \u00e8 stato presentato mercoled\u00ec 16 ottobre in occasione del convegno \u201cCOMMERCIO, TURISMO E SERVIZI: IL FUTURO DEL LAVORO PER PADOVA E PROVINCIA\u201d <\/p>\n","protected":false},"author":3,"featured_media":6790,"comment_status":"open","ping_status":"open","sticky":false,"template":"","format":"standard","meta":{"_acf_changed":false,"footnotes":""},"categories":[222],"tags":[],"class_list":["post-6791","post","type-post","status-publish","format-standard","has-post-thumbnail","hentry","category-news"],"acf":[],"_links":{"self":[{"href":"https:\/\/www.entebilateralepadova.it\/turismo\/wp-json\/wp\/v2\/posts\/6791","targetHints":{"allow":["GET"]}}],"collection":[{"href":"https:\/\/www.entebilateralepadova.it\/turismo\/wp-json\/wp\/v2\/posts"}],"about":[{"href":"https:\/\/www.entebilateralepadova.it\/turismo\/wp-json\/wp\/v2\/types\/post"}],"author":[{"embeddable":true,"href":"https:\/\/www.entebilateralepadova.it\/turismo\/wp-json\/wp\/v2\/users\/3"}],"replies":[{"embeddable":true,"href":"https:\/\/www.entebilateralepadova.it\/turismo\/wp-json\/wp\/v2\/comments?post=6791"}],"version-history":[{"count":2,"href":"https:\/\/www.entebilateralepadova.it\/turismo\/wp-json\/wp\/v2\/posts\/6791\/revisions"}],"predecessor-version":[{"id":6793,"href":"https:\/\/www.entebilateralepadova.it\/turismo\/wp-json\/wp\/v2\/posts\/6791\/revisions\/6793"}],"wp:featuredmedia":[{"embeddable":true,"href":"https:\/\/www.entebilateralepadova.it\/turismo\/wp-json\/wp\/v2\/media\/6790"}],"wp:attachment":[{"href":"https:\/\/www.entebilateralepadova.it\/turismo\/wp-json\/wp\/v2\/media?parent=6791"}],"wp:term":[{"taxonomy":"category","embeddable":true,"href":"https:\/\/www.entebilateralepadova.it\/turismo\/wp-json\/wp\/v2\/categories?post=6791"},{"taxonomy":"post_tag","embeddable":true,"href":"https:\/\/www.entebilateralepadova.it\/turismo\/wp-json\/wp\/v2\/tags?post=6791"}],"curies":[{"name":"wp","href":"https:\/\/api.w.org\/{rel}","templated":true}]}}